{"id":80841,"date":"2025-10-31T15:07:00","date_gmt":"2025-10-31T18:07:00","guid":{"rendered":"https:\/\/www.st-andrews.edu.uy\/supporting-teleton\/"},"modified":"2025-10-31T15:09:55","modified_gmt":"2025-10-31T18:09:55","slug":"supporting-teleton","status":"publish","type":"post","link":"https:\/\/www.st-andrews.edu.uy\/es\/supporting-teleton\/","title":{"rendered":"Apoyando a la Telet\u00f3n"},"content":{"rendered":"\n<p>Deseamos informarles que el colegio apoyar\u00e1 a TELET\u00d3N a trav\u00e9s de la colocaci\u00f3n de alcanc\u00edas en la oficina, las cuales estar\u00e1n disponibles para donaciones&nbsp;<strong>hasta el&nbsp;<\/strong><strong><ins>viernes&nbsp;<\/ins><\/strong><ins>7<\/ins><strong><ins>&nbsp;de noviembre<\/ins><\/strong><strong>.<\/strong><\/p>\n\n\n\n<p>Si desean contribuir en esta campa\u00f1a de recaudaci\u00f3n de fondos, les pedimos que env\u00eden su donaci\u00f3n a trav\u00e9s de sus hijos. Por favor coloquen su contribuci\u00f3n en un sobre y escriban \u00abDonaci\u00f3n TELET\u00d3N\u00bb en el frente.<\/p>\n\n\n\n<p>Cada contribuci\u00f3n, por grande o peque\u00f1a que sea, puede ser muy importante para la rehabilitaci\u00f3n m\u00e9dica de ni\u00f1os con discapacidad f\u00edsica.<\/p>\n\n\n\n<p>Gracias por su generosidad y apoyo.<\/p>\n","protected":false},"excerpt":{"rendered":"<p>Deseamos informarles que el colegio apoyar\u00e1 a TELET\u00d3N a trav\u00e9s de la colocaci\u00f3n de alcanc\u00edas en la oficina, las cuales estar\u00e1n disponibles para donaciones&nbsp;hasta el&nbsp;viernes&nbsp;7&nbsp;de noviembre. Si desean contribuir en &hellip; <a class=\"read-more\" href=\"https:\/\/www.st-andrews.edu.uy\/es\/supporting-teleton\/\">Ver m\u00e1s<\/a><\/p>\n","protected":false},"author":3,"featured_media":0,"comment_status":"open","ping_status":"open","sticky":false,"template":"","format":"standard","meta":{"om_disable_all_campaigns":false,"_monsterinsights_skip_tracking":false,"_monsterinsights_sitenote_active":false,"_monsterinsights_sitenote_note":"","_monsterinsights_sitenote_category":0,"footnotes":""},"categories":[10,1],"tags":[],"class_list":["post-80841","post","type-post","status-publish","format-standard","hentry","category-imagenes","category-noticias"],"aioseo_notices":[],"_links":{"self":[{"href":"https:\/\/www.st-andrews.edu.uy\/es\/wp-json\/wp\/v2\/posts\/80841","targetHints":{"allow":["GET"]}}],"collection":[{"href":"https:\/\/www.st-andrews.edu.uy\/es\/wp-json\/wp\/v2\/posts"}],"about":[{"href":"https:\/\/www.st-andrews.edu.uy\/es\/wp-json\/wp\/v2\/types\/post"}],"author":[{"embeddable":true,"href":"https:\/\/www.st-andrews.edu.uy\/es\/wp-json\/wp\/v2\/users\/3"}],"replies":[{"embeddable":true,"href":"https:\/\/www.st-andrews.edu.uy\/es\/wp-json\/wp\/v2\/comments?post=80841"}],"version-history":[{"count":1,"href":"https:\/\/www.st-andrews.edu.uy\/es\/wp-json\/wp\/v2\/posts\/80841\/revisions"}],"predecessor-version":[{"id":80843,"href":"https:\/\/www.st-andrews.edu.uy\/es\/wp-json\/wp\/v2\/posts\/80841\/revisions\/80843"}],"wp:attachment":[{"href":"https:\/\/www.st-andrews.edu.uy\/es\/wp-json\/wp\/v2\/media?parent=80841"}],"wp:term":[{"taxonomy":"category","embeddable":true,"href":"https:\/\/www.st-andrews.edu.uy\/es\/wp-json\/wp\/v2\/categories?post=80841"},{"taxonomy":"post_tag","embeddable":true,"href":"https:\/\/www.st-andrews.edu.uy\/es\/wp-json\/wp\/v2\/tags?post=80841"}],"curies":[{"name":"wp","href":"https:\/\/api.w.org\/{rel}","templated":true}]}}