{"id":84541,"date":"2026-03-12T13:49:46","date_gmt":"2026-03-12T16:49:46","guid":{"rendered":"https:\/\/www.st-andrews.edu.uy\/secondary-open-house\/"},"modified":"2026-04-16T09:16:42","modified_gmt":"2026-04-16T12:16:42","slug":"secondary-open-house","status":"publish","type":"post","link":"https:\/\/www.st-andrews.edu.uy\/es\/secondary-open-house\/","title":{"rendered":"Secondary OPEN HOUSE"},"content":{"rendered":"\n<p>\u00a1Un d\u00eda hist\u00f3rico para la familia de St. Andrew\u2019s! <img loading=\"lazy\" decoding=\"async\" height=\"16\" width=\"16\" alt=\"\ud83c\udff4\udb40\udc67\udb40\udc62\udb40\udc73\udb40\udc63\udb40\udc74\udb40\udc7f\" src=\"https:\/\/static.xx.fbcdn.net\/images\/emoji.php\/v9\/t7f\/1\/16\/1f3f4_e0067_e0062_e0073_e0063_e0074_e007f.png\"><img loading=\"lazy\" decoding=\"async\" height=\"16\" width=\"16\" alt=\"\u2728\" src=\"https:\/\/static.xx.fbcdn.net\/images\/emoji.php\/v9\/tf4\/1\/16\/2728.png\"><\/p>\n\n\n\n<p>Recientemente abrimos nuestras puertas a toda la comunidad para celebrar el pr\u00f3ximo lanzamiento de nuestra Secundaria en 2027. Fue una alegr\u00eda ver nuestras nuevas instalaciones llenas de alegr\u00eda, m\u00fasica y emoci\u00f3n compartida por lo que vendr\u00e1.<\/p>\n\n\n\n<p>Lo m\u00e1s destacado:<\/p>\n\n\n\n<p><img loading=\"lazy\" decoding=\"async\" height=\"16\" width=\"16\" alt=\"\ud83d\udc63\" src=\"https:\/\/static.xx.fbcdn.net\/images\/emoji.php\/v9\/t89\/1\/16\/1f463.png\"> L\u00edderes del futuro en acci\u00f3n: Nuestros alumnos de Form VI se lucieron como gu\u00edas expertos, liderando los recorridos y compartiendo la visi\u00f3n de nuestros nuevos espacios acad\u00e9micos.<\/p>\n\n\n\n<p><img loading=\"lazy\" decoding=\"async\" height=\"16\" width=\"16\" alt=\"\ud83d\udcf0\" src=\"https:\/\/static.xx.fbcdn.net\/images\/emoji.php\/v9\/td6\/1\/16\/1f4f0.png\"> \u00a1Extra! \u00a1Extra!: \u00a1Celebramos el lanzamiento oficial del \u201cSt. Andrew\u2019s Times\u201d, la primera edici\u00f3n de nuestro peri\u00f3dico liderado por estudiantes!<\/p>\n\n\n\n<p><img loading=\"lazy\" decoding=\"async\" height=\"16\" width=\"16\" alt=\"\ud83c\udfb6\" src=\"https:\/\/static.xx.fbcdn.net\/images\/emoji.php\/v9\/t1f\/1\/16\/1f3b6.png\"> Un momento de armon\u00eda: Nuestro coro especial realiz\u00f3 una emotiva interpretaci\u00f3n de \u201cFlower of Scotland\u201d, acompa\u00f1ados por la magn\u00edfica @cityofmontevideopipeband.<\/p>\n\n\n\n<p>Gracias a todos los que nos acompa\u00f1aron para sentar las bases de este nuevo cap\u00edtulo. \u00a1El camino hacia 2027 ya est\u00e1 oficialmente en marcha! <img loading=\"lazy\" decoding=\"async\" height=\"16\" width=\"16\" alt=\"\ud83c\udfdb\ufe0f\" src=\"https:\/\/static.xx.fbcdn.net\/images\/emoji.php\/v9\/t89\/1\/16\/1f3db.png\"><img loading=\"lazy\" decoding=\"async\" height=\"16\" width=\"16\" alt=\"\ud83d\udc99\" src=\"https:\/\/static.xx.fbcdn.net\/images\/emoji.php\/v9\/t6c\/1\/16\/1f499.png\"><\/p>\n\n\n\n<figure class=\"wp-block-embed is-type-video is-provider-youtube wp-block-embed-youtube wp-embed-aspect-16-9 wp-has-aspect-ratio\"><div class=\"wp-block-embed__wrapper\">\n<iframe loading=\"lazy\" title=\"St. Andrew\u2019s Secondary Open House\" width=\"500\" height=\"281\" src=\"https:\/\/www.youtube.com\/embed\/xaGtKnSMLqg?feature=oembed\" frameborder=\"0\" allow=\"accelerometer; autoplay; clipboard-write; encrypted-media; gyroscope; picture-in-picture; web-share\" referrerpolicy=\"strict-origin-when-cross-origin\" allowfullscreen><\/iframe>\n<\/div><\/figure>\n","protected":false},"excerpt":{"rendered":"<p>\u00a1Un d\u00eda hist\u00f3rico para la familia de St. Andrew\u2019s! Recientemente abrimos nuestras puertas a toda la comunidad para celebrar el pr\u00f3ximo lanzamiento de nuestra Secundaria en 2027. Fue una alegr\u00eda &hellip; <a class=\"read-more\" href=\"https:\/\/www.st-andrews.edu.uy\/es\/secondary-open-house\/\">Ver m\u00e1s<\/a><\/p>\n","protected":false},"author":3,"featured_media":0,"comment_status":"open","ping_status":"open","sticky":false,"template":"","format":"standard","meta":{"om_disable_all_campaigns":false,"_monsterinsights_skip_tracking":false,"_monsterinsights_sitenote_active":false,"_monsterinsights_sitenote_note":"","_monsterinsights_sitenote_category":0,"footnotes":""},"categories":[1],"tags":[],"class_list":["post-84541","post","type-post","status-publish","format-standard","hentry","category-noticias"],"aioseo_notices":[],"_links":{"self":[{"href":"https:\/\/www.st-andrews.edu.uy\/es\/wp-json\/wp\/v2\/posts\/84541","targetHints":{"allow":["GET"]}}],"collection":[{"href":"https:\/\/www.st-andrews.edu.uy\/es\/wp-json\/wp\/v2\/posts"}],"about":[{"href":"https:\/\/www.st-andrews.edu.uy\/es\/wp-json\/wp\/v2\/types\/post"}],"author":[{"embeddable":true,"href":"https:\/\/www.st-andrews.edu.uy\/es\/wp-json\/wp\/v2\/users\/3"}],"replies":[{"embeddable":true,"href":"https:\/\/www.st-andrews.edu.uy\/es\/wp-json\/wp\/v2\/comments?post=84541"}],"version-history":[{"count":2,"href":"https:\/\/www.st-andrews.edu.uy\/es\/wp-json\/wp\/v2\/posts\/84541\/revisions"}],"predecessor-version":[{"id":84997,"href":"https:\/\/www.st-andrews.edu.uy\/es\/wp-json\/wp\/v2\/posts\/84541\/revisions\/84997"}],"wp:attachment":[{"href":"https:\/\/www.st-andrews.edu.uy\/es\/wp-json\/wp\/v2\/media?parent=84541"}],"wp:term":[{"taxonomy":"category","embeddable":true,"href":"https:\/\/www.st-andrews.edu.uy\/es\/wp-json\/wp\/v2\/categories?post=84541"},{"taxonomy":"post_tag","embeddable":true,"href":"https:\/\/www.st-andrews.edu.uy\/es\/wp-json\/wp\/v2\/tags?post=84541"}],"curies":[{"name":"wp","href":"https:\/\/api.w.org\/{rel}","templated":true}]}}